{"id":129,"date":"2016-04-20T10:41:42","date_gmt":"2016-04-20T08:41:42","guid":{"rendered":"http:\/\/www.oeag-astrologie.at\/astro\/?p=129"},"modified":"2017-12-07T07:54:48","modified_gmt":"2017-12-07T06:54:48","slug":"die-fluechtlingskrise-rendezvous-mit-der-globalisierung","status":"publish","type":"post","link":"https:\/\/www.oeag-astrologie.at\/astro\/die-fluechtlingskrise-rendezvous-mit-der-globalisierung","title":{"rendered":"Die Fl\u00fcchtlingskrise\u201c \u2013 ein Rendezvous mit der Globalisierung &#8230;."},"content":{"rendered":"<p>&nbsp;<\/p>\n<p>Liebe Sternenfreunde!<\/p>\n<p>Wir leben in einer bewegten Zeit, und es ist daher eine gro\u00dfe Freude, dass Elisabeth Selzer<\/p>\n<p>sich wieder eines zentralen Themas angenommen hat. Wir wissen wie sie mit viel Sachverstand<\/p>\n<p>uns das Zeitgeschehen auf der astrologischen Ebene n\u00e4her bringt.<\/p>\n<p>Diese Woche:<\/p>\n<p><strong>Donnerstag, 21. April 2016, 18.55 Uhr \u00a0<\/strong><\/p>\n<p>Vortrag:<strong>\u00a0<\/strong><strong>\u201eDie Fl\u00fcchtlingskrise\u201c \u2013\u00a0<\/strong><strong>ein Rendezvous mit der Globalisierung \u2013\u00a0<\/strong><strong>ob uns diese Begegnung nun gef\u00e4llt oder nicht.\u00a0<\/strong>(Wolfgang Sch\u00e4uble)<\/p>\n<p>Der Arabische Fr\u00fchling nahm im Dezember 2010 seinen Ausgang mit der Selbstverbrennung<\/p>\n<p>eines tunesischen Gem\u00fcseh\u00e4ndlers als Protest gegen das herrschende Staatsoberhaupt.<\/p>\n<p>Die landesweiten Massenunruhen griffen in den n\u00e4chsten Monaten auf etliche Staaten in Nordafrika<\/p>\n<p>sowie auf den Nahen Osten \u00fcber.<\/p>\n<p>Daraus entwickelte sich auch unter anderem der B\u00fcrgerkrieg in Syrien,\u00a0wodurch letztendlich<\/p>\n<p>ein gro\u00dfr\u00e4umiger Fl\u00fcchtlingsstrom nach Europa einsetzte, dessen\u00a0H\u00f6hepunkt erstmals im<\/p>\n<p>September 2015 erreicht wurde\u00a0 Diese Massenbewegung riss die EU in eine, bis jetzt noch<\/p>\n<p>nicht gel\u00f6ste Problematik.<\/p>\n<p>&nbsp;<\/p>\n<p><strong>Ing. Elisabeth Selzer\u00a0<\/strong>(Wien)<\/p>\n<p><strong>Vortragsort:<\/strong>\u00a0Walfischgasse 12, Wien 1, \u00d6AV\/Edelwei\u00df<\/p>\n<p>&nbsp;<\/p>\n","protected":false},"excerpt":{"rendered":"<p>&nbsp; Liebe Sternenfreunde! Wir leben in einer bewegten Zeit, und es ist daher eine gro\u00dfe Freude, dass Elisabeth Selzer sich wieder eines zentralen Themas angenommen hat. Wir wissen wie sie &hellip; <a href=\"https:\/\/www.oeag-astrologie.at\/astro\/die-fluechtlingskrise-rendezvous-mit-der-globalisierung\" class=\"more-link\"><span class=\"screen-reader-text\">Die Fl\u00fcchtlingskrise\u201c \u2013 ein Rendezvous mit der Globalisierung &#8230;.<\/span> weiterlesen <span class=\"meta-nav\">&rarr;<\/span><\/a><\/p>\n","protected":false},"author":2,"featured_media":0,"comment_status":"closed","ping_status":"open","sticky":false,"template":"","format":"standard","meta":{"footnotes":""},"categories":[1],"tags":[],"class_list":["post-129","post","type-post","status-publish","format-standard","hentry","category-allgemein"],"yoast_head":"<!-- This site is optimized with the Yoast SEO plugin v27.5 - https:\/\/yoast.com\/product\/yoast-seo-wordpress\/ -->\n<title>Die Fl\u00fcchtlingskrise\u201c \u2013 ein Rendezvous mit der Globalisierung .... - \u00d6sterreichische Astrologische Gesellschaft<\/title>\n<meta name=\"robots\" content=\"index, follow, max-snippet:-1, max-image-preview:large, max-video-preview:-1\" \/>\n<link rel=\"canonical\" href=\"https:\/\/www.oeag-astrologie.at\/astro\/die-fluechtlingskrise-rendezvous-mit-der-globalisierung\" \/>\n<meta property=\"og:locale\" content=\"de_DE\" \/>\n<meta property=\"og:type\" content=\"article\" \/>\n<meta property=\"og:title\" content=\"Die Fl\u00fcchtlingskrise\u201c \u2013 ein Rendezvous mit der Globalisierung .... - \u00d6sterreichische Astrologische Gesellschaft\" \/>\n<meta property=\"og:description\" content=\"&nbsp; Liebe Sternenfreunde! Wir leben in einer bewegten Zeit, und es ist daher eine gro\u00dfe Freude, dass Elisabeth Selzer sich wieder eines zentralen Themas angenommen hat. Wir wissen wie sie &hellip; Die Fl\u00fcchtlingskrise\u201c \u2013 ein Rendezvous mit der Globalisierung &#8230;. weiterlesen &rarr;\" \/>\n<meta property=\"og:url\" content=\"https:\/\/www.oeag-astrologie.at\/astro\/die-fluechtlingskrise-rendezvous-mit-der-globalisierung\" \/>\n<meta property=\"og:site_name\" content=\"\u00d6sterreichische Astrologische Gesellschaft\" \/>\n<meta property=\"article:published_time\" content=\"2016-04-20T08:41:42+00:00\" \/>\n<meta property=\"article:modified_time\" content=\"2017-12-07T06:54:48+00:00\" \/>\n<meta name=\"author\" content=\"Brigitta Strobele\" \/>\n<meta name=\"twitter:card\" content=\"summary_large_image\" \/>\n<meta name=\"twitter:label1\" content=\"Verfasst von\" \/>\n\t<meta name=\"twitter:data1\" content=\"Brigitta Strobele\" \/>\n\t<meta name=\"twitter:label2\" content=\"Gesch\u00e4tzte Lesezeit\" \/>\n\t<meta name=\"twitter:data2\" content=\"1\u00a0Minute\" \/>\n<script type=\"application\/ld+json\" class=\"yoast-schema-graph\">{\"@context\":\"https:\\\/\\\/schema.org\",\"@graph\":[{\"@type\":\"Article\",\"@id\":\"https:\\\/\\\/www.oeag-astrologie.at\\\/astro\\\/die-fluechtlingskrise-rendezvous-mit-der-globalisierung#article\",\"isPartOf\":{\"@id\":\"https:\\\/\\\/www.oeag-astrologie.at\\\/astro\\\/die-fluechtlingskrise-rendezvous-mit-der-globalisierung\"},\"author\":{\"name\":\"Brigitta Strobele\",\"@id\":\"https:\\\/\\\/www.oeag-astrologie.at\\\/astro\\\/#\\\/schema\\\/person\\\/d2ba3b384e2a21a32c88e09e83fe266b\"},\"headline\":\"Die Fl\u00fcchtlingskrise\u201c \u2013 ein Rendezvous mit der Globalisierung &#8230;.\",\"datePublished\":\"2016-04-20T08:41:42+00:00\",\"dateModified\":\"2017-12-07T06:54:48+00:00\",\"mainEntityOfPage\":{\"@id\":\"https:\\\/\\\/www.oeag-astrologie.at\\\/astro\\\/die-fluechtlingskrise-rendezvous-mit-der-globalisierung\"},\"wordCount\":176,\"publisher\":{\"@id\":\"https:\\\/\\\/www.oeag-astrologie.at\\\/astro\\\/#organization\"},\"inLanguage\":\"de\"},{\"@type\":\"WebPage\",\"@id\":\"https:\\\/\\\/www.oeag-astrologie.at\\\/astro\\\/die-fluechtlingskrise-rendezvous-mit-der-globalisierung\",\"url\":\"https:\\\/\\\/www.oeag-astrologie.at\\\/astro\\\/die-fluechtlingskrise-rendezvous-mit-der-globalisierung\",\"name\":\"Die Fl\u00fcchtlingskrise\u201c \u2013 ein Rendezvous mit der Globalisierung .... - \u00d6sterreichische Astrologische Gesellschaft\",\"isPartOf\":{\"@id\":\"https:\\\/\\\/www.oeag-astrologie.at\\\/astro\\\/#website\"},\"datePublished\":\"2016-04-20T08:41:42+00:00\",\"dateModified\":\"2017-12-07T06:54:48+00:00\",\"breadcrumb\":{\"@id\":\"https:\\\/\\\/www.oeag-astrologie.at\\\/astro\\\/die-fluechtlingskrise-rendezvous-mit-der-globalisierung#breadcrumb\"},\"inLanguage\":\"de\",\"potentialAction\":[{\"@type\":\"ReadAction\",\"target\":[\"https:\\\/\\\/www.oeag-astrologie.at\\\/astro\\\/die-fluechtlingskrise-rendezvous-mit-der-globalisierung\"]}]},{\"@type\":\"BreadcrumbList\",\"@id\":\"https:\\\/\\\/www.oeag-astrologie.at\\\/astro\\\/die-fluechtlingskrise-rendezvous-mit-der-globalisierung#breadcrumb\",\"itemListElement\":[{\"@type\":\"ListItem\",\"position\":1,\"name\":\"Home\",\"item\":\"https:\\\/\\\/www.oeag-astrologie.at\\\/astro\"},{\"@type\":\"ListItem\",\"position\":2,\"name\":\"Die Fl\u00fcchtlingskrise\u201c \u2013 ein Rendezvous mit der Globalisierung &#8230;.\"}]},{\"@type\":\"WebSite\",\"@id\":\"https:\\\/\\\/www.oeag-astrologie.at\\\/astro\\\/#website\",\"url\":\"https:\\\/\\\/www.oeag-astrologie.at\\\/astro\\\/\",\"name\":\"\u00d6sterreichische Astrologische Gesellschaft\",\"description\":\"\",\"publisher\":{\"@id\":\"https:\\\/\\\/www.oeag-astrologie.at\\\/astro\\\/#organization\"},\"potentialAction\":[{\"@type\":\"SearchAction\",\"target\":{\"@type\":\"EntryPoint\",\"urlTemplate\":\"https:\\\/\\\/www.oeag-astrologie.at\\\/astro\\\/?s={search_term_string}\"},\"query-input\":{\"@type\":\"PropertyValueSpecification\",\"valueRequired\":true,\"valueName\":\"search_term_string\"}}],\"inLanguage\":\"de\"},{\"@type\":\"Organization\",\"@id\":\"https:\\\/\\\/www.oeag-astrologie.at\\\/astro\\\/#organization\",\"name\":\"\u00d6sterreichisch Astrologische Gesellschaft\",\"url\":\"https:\\\/\\\/www.oeag-astrologie.at\\\/astro\\\/\",\"logo\":{\"@type\":\"ImageObject\",\"inLanguage\":\"de\",\"@id\":\"https:\\\/\\\/www.oeag-astrologie.at\\\/astro\\\/#\\\/schema\\\/logo\\\/image\\\/\",\"url\":\"https:\\\/\\\/www.oeag-astrologie.at\\\/astro\\\/wp-content\\\/uploads\\\/2015\\\/10\\\/Bildschirmfoto-2015-10-22-um-09.40.58.png\",\"contentUrl\":\"https:\\\/\\\/www.oeag-astrologie.at\\\/astro\\\/wp-content\\\/uploads\\\/2015\\\/10\\\/Bildschirmfoto-2015-10-22-um-09.40.58.png\",\"width\":512,\"height\":512,\"caption\":\"\u00d6sterreichisch Astrologische Gesellschaft\"},\"image\":{\"@id\":\"https:\\\/\\\/www.oeag-astrologie.at\\\/astro\\\/#\\\/schema\\\/logo\\\/image\\\/\"}},{\"@type\":\"Person\",\"@id\":\"https:\\\/\\\/www.oeag-astrologie.at\\\/astro\\\/#\\\/schema\\\/person\\\/d2ba3b384e2a21a32c88e09e83fe266b\",\"name\":\"Brigitta Strobele\",\"image\":{\"@type\":\"ImageObject\",\"inLanguage\":\"de\",\"@id\":\"https:\\\/\\\/secure.gravatar.com\\\/avatar\\\/76c19b2cb5390f7bda5cdec781c7e38b94a1e7747fc1ce7ef7d180a3536bc540?s=96&d=mm&r=g\",\"url\":\"https:\\\/\\\/secure.gravatar.com\\\/avatar\\\/76c19b2cb5390f7bda5cdec781c7e38b94a1e7747fc1ce7ef7d180a3536bc540?s=96&d=mm&r=g\",\"contentUrl\":\"https:\\\/\\\/secure.gravatar.com\\\/avatar\\\/76c19b2cb5390f7bda5cdec781c7e38b94a1e7747fc1ce7ef7d180a3536bc540?s=96&d=mm&r=g\",\"caption\":\"Brigitta Strobele\"},\"url\":\"https:\\\/\\\/www.oeag-astrologie.at\\\/astro\\\/author\\\/strobele\"}]}<\/script>\n<!-- \/ Yoast SEO plugin. -->","yoast_head_json":{"title":"Die Fl\u00fcchtlingskrise\u201c \u2013 ein Rendezvous mit der Globalisierung .... - \u00d6sterreichische Astrologische Gesellschaft","robots":{"index":"index","follow":"follow","max-snippet":"max-snippet:-1","max-image-preview":"max-image-preview:large","max-video-preview":"max-video-preview:-1"},"canonical":"https:\/\/www.oeag-astrologie.at\/astro\/die-fluechtlingskrise-rendezvous-mit-der-globalisierung","og_locale":"de_DE","og_type":"article","og_title":"Die Fl\u00fcchtlingskrise\u201c \u2013 ein Rendezvous mit der Globalisierung .... - \u00d6sterreichische Astrologische Gesellschaft","og_description":"&nbsp; Liebe Sternenfreunde! Wir leben in einer bewegten Zeit, und es ist daher eine gro\u00dfe Freude, dass Elisabeth Selzer sich wieder eines zentralen Themas angenommen hat. Wir wissen wie sie &hellip; Die Fl\u00fcchtlingskrise\u201c \u2013 ein Rendezvous mit der Globalisierung &#8230;. weiterlesen &rarr;","og_url":"https:\/\/www.oeag-astrologie.at\/astro\/die-fluechtlingskrise-rendezvous-mit-der-globalisierung","og_site_name":"\u00d6sterreichische Astrologische Gesellschaft","article_published_time":"2016-04-20T08:41:42+00:00","article_modified_time":"2017-12-07T06:54:48+00:00","author":"Brigitta Strobele","twitter_card":"summary_large_image","twitter_misc":{"Verfasst von":"Brigitta Strobele","Gesch\u00e4tzte Lesezeit":"1\u00a0Minute"},"schema":{"@context":"https:\/\/schema.org","@graph":[{"@type":"Article","@id":"https:\/\/www.oeag-astrologie.at\/astro\/die-fluechtlingskrise-rendezvous-mit-der-globalisierung#article","isPartOf":{"@id":"https:\/\/www.oeag-astrologie.at\/astro\/die-fluechtlingskrise-rendezvous-mit-der-globalisierung"},"author":{"name":"Brigitta Strobele","@id":"https:\/\/www.oeag-astrologie.at\/astro\/#\/schema\/person\/d2ba3b384e2a21a32c88e09e83fe266b"},"headline":"Die Fl\u00fcchtlingskrise\u201c \u2013 ein Rendezvous mit der Globalisierung &#8230;.","datePublished":"2016-04-20T08:41:42+00:00","dateModified":"2017-12-07T06:54:48+00:00","mainEntityOfPage":{"@id":"https:\/\/www.oeag-astrologie.at\/astro\/die-fluechtlingskrise-rendezvous-mit-der-globalisierung"},"wordCount":176,"publisher":{"@id":"https:\/\/www.oeag-astrologie.at\/astro\/#organization"},"inLanguage":"de"},{"@type":"WebPage","@id":"https:\/\/www.oeag-astrologie.at\/astro\/die-fluechtlingskrise-rendezvous-mit-der-globalisierung","url":"https:\/\/www.oeag-astrologie.at\/astro\/die-fluechtlingskrise-rendezvous-mit-der-globalisierung","name":"Die Fl\u00fcchtlingskrise\u201c \u2013 ein Rendezvous mit der Globalisierung .... - \u00d6sterreichische Astrologische Gesellschaft","isPartOf":{"@id":"https:\/\/www.oeag-astrologie.at\/astro\/#website"},"datePublished":"2016-04-20T08:41:42+00:00","dateModified":"2017-12-07T06:54:48+00:00","breadcrumb":{"@id":"https:\/\/www.oeag-astrologie.at\/astro\/die-fluechtlingskrise-rendezvous-mit-der-globalisierung#breadcrumb"},"inLanguage":"de","potentialAction":[{"@type":"ReadAction","target":["https:\/\/www.oeag-astrologie.at\/astro\/die-fluechtlingskrise-rendezvous-mit-der-globalisierung"]}]},{"@type":"BreadcrumbList","@id":"https:\/\/www.oeag-astrologie.at\/astro\/die-fluechtlingskrise-rendezvous-mit-der-globalisierung#breadcrumb","itemListElement":[{"@type":"ListItem","position":1,"name":"Home","item":"https:\/\/www.oeag-astrologie.at\/astro"},{"@type":"ListItem","position":2,"name":"Die Fl\u00fcchtlingskrise\u201c \u2013 ein Rendezvous mit der Globalisierung &#8230;."}]},{"@type":"WebSite","@id":"https:\/\/www.oeag-astrologie.at\/astro\/#website","url":"https:\/\/www.oeag-astrologie.at\/astro\/","name":"\u00d6sterreichische Astrologische Gesellschaft","description":"","publisher":{"@id":"https:\/\/www.oeag-astrologie.at\/astro\/#organization"},"potentialAction":[{"@type":"SearchAction","target":{"@type":"EntryPoint","urlTemplate":"https:\/\/www.oeag-astrologie.at\/astro\/?s={search_term_string}"},"query-input":{"@type":"PropertyValueSpecification","valueRequired":true,"valueName":"search_term_string"}}],"inLanguage":"de"},{"@type":"Organization","@id":"https:\/\/www.oeag-astrologie.at\/astro\/#organization","name":"\u00d6sterreichisch Astrologische Gesellschaft","url":"https:\/\/www.oeag-astrologie.at\/astro\/","logo":{"@type":"ImageObject","inLanguage":"de","@id":"https:\/\/www.oeag-astrologie.at\/astro\/#\/schema\/logo\/image\/","url":"https:\/\/www.oeag-astrologie.at\/astro\/wp-content\/uploads\/2015\/10\/Bildschirmfoto-2015-10-22-um-09.40.58.png","contentUrl":"https:\/\/www.oeag-astrologie.at\/astro\/wp-content\/uploads\/2015\/10\/Bildschirmfoto-2015-10-22-um-09.40.58.png","width":512,"height":512,"caption":"\u00d6sterreichisch Astrologische Gesellschaft"},"image":{"@id":"https:\/\/www.oeag-astrologie.at\/astro\/#\/schema\/logo\/image\/"}},{"@type":"Person","@id":"https:\/\/www.oeag-astrologie.at\/astro\/#\/schema\/person\/d2ba3b384e2a21a32c88e09e83fe266b","name":"Brigitta Strobele","image":{"@type":"ImageObject","inLanguage":"de","@id":"https:\/\/secure.gravatar.com\/avatar\/76c19b2cb5390f7bda5cdec781c7e38b94a1e7747fc1ce7ef7d180a3536bc540?s=96&d=mm&r=g","url":"https:\/\/secure.gravatar.com\/avatar\/76c19b2cb5390f7bda5cdec781c7e38b94a1e7747fc1ce7ef7d180a3536bc540?s=96&d=mm&r=g","contentUrl":"https:\/\/secure.gravatar.com\/avatar\/76c19b2cb5390f7bda5cdec781c7e38b94a1e7747fc1ce7ef7d180a3536bc540?s=96&d=mm&r=g","caption":"Brigitta Strobele"},"url":"https:\/\/www.oeag-astrologie.at\/astro\/author\/strobele"}]}},"_links":{"self":[{"href":"https:\/\/www.oeag-astrologie.at\/astro\/wp-json\/wp\/v2\/posts\/129","targetHints":{"allow":["GET"]}}],"collection":[{"href":"https:\/\/www.oeag-astrologie.at\/astro\/wp-json\/wp\/v2\/posts"}],"about":[{"href":"https:\/\/www.oeag-astrologie.at\/astro\/wp-json\/wp\/v2\/types\/post"}],"author":[{"embeddable":true,"href":"https:\/\/www.oeag-astrologie.at\/astro\/wp-json\/wp\/v2\/users\/2"}],"replies":[{"embeddable":true,"href":"https:\/\/www.oeag-astrologie.at\/astro\/wp-json\/wp\/v2\/comments?post=129"}],"version-history":[{"count":0,"href":"https:\/\/www.oeag-astrologie.at\/astro\/wp-json\/wp\/v2\/posts\/129\/revisions"}],"wp:attachment":[{"href":"https:\/\/www.oeag-astrologie.at\/astro\/wp-json\/wp\/v2\/media?parent=129"}],"wp:term":[{"taxonomy":"category","embeddable":true,"href":"https:\/\/www.oeag-astrologie.at\/astro\/wp-json\/wp\/v2\/categories?post=129"},{"taxonomy":"post_tag","embeddable":true,"href":"https:\/\/www.oeag-astrologie.at\/astro\/wp-json\/wp\/v2\/tags?post=129"}],"curies":[{"name":"wp","href":"https:\/\/api.w.org\/{rel}","templated":true}]}}