{"id":1062,"date":"2025-09-09T09:47:52","date_gmt":"2025-09-09T07:47:52","guid":{"rendered":"https:\/\/www.oeag-astrologie.at\/astro\/?p=1062"},"modified":"2025-09-11T06:00:52","modified_gmt":"2025-09-11T04:00:52","slug":"wien-die-welt-und-wir","status":"publish","type":"post","link":"https:\/\/www.oeag-astrologie.at\/astro\/wien-die-welt-und-wir","title":{"rendered":"Wien \u2013 die Welt \u2013 und Wir"},"content":{"rendered":"\n<p><strong>Die Welt im Umbruch! <\/strong>Die laufenden Konstellationen, die Mondfinsternis (mit dem Mond in Erdn\u00e4he), und die kommende Sonnenfinsternis zeigen gro\u00dfe Ver\u00e4nderungen an, die die ganze Welt betreffen werden. Das bedingt nat\u00fcrlich auch unsere eigene Entwicklung. Das dritte Quartal, beginnend mit September wird uns einen Vorgeschmack davon geben, wie weit diese Ver\u00e4nderungen gehen werden. Die &#8222;Geburtswehen&#8220; m\u00f6gen schmerzhaft sein, aber die darauffolgenden Zeiten werden wunderbar sein. Es liegt an uns, wie wir mit den neuen Gegebenheiten umgehen, und bereit sein werden unbekannte Regionen unseres Selbst zu entdecken.  <\/p>\n\n\n\n<p>Die Welt ist klein geworden, aber Wien, bzw. \u00d6sterreich ist ein besonderer Ort, mal sehen wie sich das Weltgeschehen hier auswirkt. Dann betrachten wir etwas &#8222;Welt&#8220;, und letztendlich, aber ganz wichtig,&nbsp;uns selbst. <\/p>\n\n\n\n<p><strong>Donnerstag, 18. September 2025, um 18:58 MEZ\/S<\/strong><\/p>\n\n\n\n<p><strong>Brigitte Strobele<\/strong><\/p>\n\n\n\n<p><strong>\u00d6AG<\/strong>: 1010 Wien, Hegelgasse 15\/7, 3. Stock <\/p>\n\n\n\n<p>&#8212;&#8212;&#8212;&#8212;&#8212;&#8212;&#8212;&#8212;&#8212;&#8212;&#8212; <\/p>\n\n\n\n<p><em>Terminvorschau:<\/em> <br><strong>Donnerstag, 2. Oktober 2025 <\/strong>&#8211; Vortrag: Die\u00a0 Besonderheit der Sekund\u00e4rdirektion der \u00d6AG \u2013 sowie das Zusammenspiel anderer Direktionsarten am Bespiel des Horoskops von Papst Johannes Paul II..  \u2013 Wolfgang Tomsits<\/p>\n\n\n\n<p><em>Seminar<\/em>: <strong>Direktionen, Freitag, 26 September 2025, 16- 17:30 MEZ\/S<\/strong>, <br><strong>3., 10., 17., 24., 31. Okt., 7. November 2025, jeweils 16 -17.30 Uhr<\/strong><br>Thema: \u00d6AG-Sekund\u00e4rdirektion, Progressiv\/Regressiv, Diurnal.<br><\/p>\n\n\n\n<p><em>Kurs: <\/em> <strong>Fortgeschrittene (2),<\/strong> <strong>Freitag, 26 September 2025, 18- 19:30 MEZ\/S<\/strong>. <br><strong>3., 10., 17., 24., 31. Okt., 7. November 2025, jeweils 18 -19.30 Uhr<\/strong><br><strong>Thema:<\/strong>\u00a0Lauf der Planeten und deren Qualit\u00e4ten, W\u00fcrden, Dominationsketten, Aspekte, Sensitiven Punkte, Planetenstunden, Das Horoskop der Welt, u.a.\u00a0<\/p>\n\n\n\n<p> Ausk\u00fcnfte: Brigitte Strobele, 0676 41 40 555, Anmeldung: info@oeag-astrologie,at<\/p>\n","protected":false},"excerpt":{"rendered":"<p>Die Welt im Umbruch! Die laufenden Konstellationen, die Mondfinsternis (mit dem Mond in Erdn\u00e4he), und die kommende Sonnenfinsternis zeigen gro\u00dfe Ver\u00e4nderungen an, die die ganze Welt betreffen werden. Das bedingt &hellip; <a href=\"https:\/\/www.oeag-astrologie.at\/astro\/wien-die-welt-und-wir\" class=\"more-link\"><span class=\"screen-reader-text\">Wien \u2013 die Welt \u2013 und Wir<\/span> weiterlesen <span class=\"meta-nav\">&rarr;<\/span><\/a><\/p>\n","protected":false},"author":2,"featured_media":0,"comment_status":"closed","ping_status":"closed","sticky":false,"template":"","format":"standard","meta":{"footnotes":""},"categories":[1],"tags":[],"class_list":["post-1062","post","type-post","status-publish","format-standard","hentry","category-allgemein"],"yoast_head":"<!-- This site is optimized with the Yoast SEO plugin v27.5 - https:\/\/yoast.com\/product\/yoast-seo-wordpress\/ -->\n<title>Wien \u2013 die Welt \u2013 und Wir - \u00d6sterreichische Astrologische Gesellschaft<\/title>\n<meta name=\"robots\" content=\"index, follow, max-snippet:-1, max-image-preview:large, max-video-preview:-1\" \/>\n<link rel=\"canonical\" href=\"https:\/\/www.oeag-astrologie.at\/astro\/wien-die-welt-und-wir\" \/>\n<meta property=\"og:locale\" content=\"de_DE\" \/>\n<meta property=\"og:type\" content=\"article\" \/>\n<meta property=\"og:title\" content=\"Wien \u2013 die Welt \u2013 und Wir - \u00d6sterreichische Astrologische Gesellschaft\" \/>\n<meta property=\"og:description\" content=\"Die Welt im Umbruch! Die laufenden Konstellationen, die Mondfinsternis (mit dem Mond in Erdn\u00e4he), und die kommende Sonnenfinsternis zeigen gro\u00dfe Ver\u00e4nderungen an, die die ganze Welt betreffen werden. Das bedingt &hellip; Wien \u2013 die Welt \u2013 und Wir weiterlesen &rarr;\" \/>\n<meta property=\"og:url\" content=\"https:\/\/www.oeag-astrologie.at\/astro\/wien-die-welt-und-wir\" \/>\n<meta property=\"og:site_name\" content=\"\u00d6sterreichische Astrologische Gesellschaft\" \/>\n<meta property=\"article:published_time\" content=\"2025-09-09T07:47:52+00:00\" \/>\n<meta property=\"article:modified_time\" content=\"2025-09-11T04:00:52+00:00\" \/>\n<meta name=\"author\" content=\"Brigitta Strobele\" \/>\n<meta name=\"twitter:card\" content=\"summary_large_image\" \/>\n<meta name=\"twitter:label1\" content=\"Verfasst von\" \/>\n\t<meta name=\"twitter:data1\" content=\"Brigitta Strobele\" \/>\n\t<meta name=\"twitter:label2\" content=\"Gesch\u00e4tzte Lesezeit\" \/>\n\t<meta name=\"twitter:data2\" content=\"2\u00a0Minuten\" \/>\n<script type=\"application\/ld+json\" class=\"yoast-schema-graph\">{\"@context\":\"https:\\\/\\\/schema.org\",\"@graph\":[{\"@type\":\"Article\",\"@id\":\"https:\\\/\\\/www.oeag-astrologie.at\\\/astro\\\/wien-die-welt-und-wir#article\",\"isPartOf\":{\"@id\":\"https:\\\/\\\/www.oeag-astrologie.at\\\/astro\\\/wien-die-welt-und-wir\"},\"author\":{\"name\":\"Brigitta Strobele\",\"@id\":\"https:\\\/\\\/www.oeag-astrologie.at\\\/astro\\\/#\\\/schema\\\/person\\\/d2ba3b384e2a21a32c88e09e83fe266b\"},\"headline\":\"Wien \u2013 die Welt \u2013 und Wir\",\"datePublished\":\"2025-09-09T07:47:52+00:00\",\"dateModified\":\"2025-09-11T04:00:52+00:00\",\"mainEntityOfPage\":{\"@id\":\"https:\\\/\\\/www.oeag-astrologie.at\\\/astro\\\/wien-die-welt-und-wir\"},\"wordCount\":230,\"publisher\":{\"@id\":\"https:\\\/\\\/www.oeag-astrologie.at\\\/astro\\\/#organization\"},\"inLanguage\":\"de\"},{\"@type\":\"WebPage\",\"@id\":\"https:\\\/\\\/www.oeag-astrologie.at\\\/astro\\\/wien-die-welt-und-wir\",\"url\":\"https:\\\/\\\/www.oeag-astrologie.at\\\/astro\\\/wien-die-welt-und-wir\",\"name\":\"Wien \u2013 die Welt \u2013 und Wir - \u00d6sterreichische Astrologische Gesellschaft\",\"isPartOf\":{\"@id\":\"https:\\\/\\\/www.oeag-astrologie.at\\\/astro\\\/#website\"},\"datePublished\":\"2025-09-09T07:47:52+00:00\",\"dateModified\":\"2025-09-11T04:00:52+00:00\",\"breadcrumb\":{\"@id\":\"https:\\\/\\\/www.oeag-astrologie.at\\\/astro\\\/wien-die-welt-und-wir#breadcrumb\"},\"inLanguage\":\"de\",\"potentialAction\":[{\"@type\":\"ReadAction\",\"target\":[\"https:\\\/\\\/www.oeag-astrologie.at\\\/astro\\\/wien-die-welt-und-wir\"]}]},{\"@type\":\"BreadcrumbList\",\"@id\":\"https:\\\/\\\/www.oeag-astrologie.at\\\/astro\\\/wien-die-welt-und-wir#breadcrumb\",\"itemListElement\":[{\"@type\":\"ListItem\",\"position\":1,\"name\":\"Home\",\"item\":\"https:\\\/\\\/www.oeag-astrologie.at\\\/astro\"},{\"@type\":\"ListItem\",\"position\":2,\"name\":\"Wien \u2013 die Welt \u2013 und Wir\"}]},{\"@type\":\"WebSite\",\"@id\":\"https:\\\/\\\/www.oeag-astrologie.at\\\/astro\\\/#website\",\"url\":\"https:\\\/\\\/www.oeag-astrologie.at\\\/astro\\\/\",\"name\":\"\u00d6sterreichische Astrologische Gesellschaft\",\"description\":\"\",\"publisher\":{\"@id\":\"https:\\\/\\\/www.oeag-astrologie.at\\\/astro\\\/#organization\"},\"potentialAction\":[{\"@type\":\"SearchAction\",\"target\":{\"@type\":\"EntryPoint\",\"urlTemplate\":\"https:\\\/\\\/www.oeag-astrologie.at\\\/astro\\\/?s={search_term_string}\"},\"query-input\":{\"@type\":\"PropertyValueSpecification\",\"valueRequired\":true,\"valueName\":\"search_term_string\"}}],\"inLanguage\":\"de\"},{\"@type\":\"Organization\",\"@id\":\"https:\\\/\\\/www.oeag-astrologie.at\\\/astro\\\/#organization\",\"name\":\"\u00d6sterreichisch Astrologische Gesellschaft\",\"url\":\"https:\\\/\\\/www.oeag-astrologie.at\\\/astro\\\/\",\"logo\":{\"@type\":\"ImageObject\",\"inLanguage\":\"de\",\"@id\":\"https:\\\/\\\/www.oeag-astrologie.at\\\/astro\\\/#\\\/schema\\\/logo\\\/image\\\/\",\"url\":\"https:\\\/\\\/www.oeag-astrologie.at\\\/astro\\\/wp-content\\\/uploads\\\/2015\\\/10\\\/Bildschirmfoto-2015-10-22-um-09.40.58.png\",\"contentUrl\":\"https:\\\/\\\/www.oeag-astrologie.at\\\/astro\\\/wp-content\\\/uploads\\\/2015\\\/10\\\/Bildschirmfoto-2015-10-22-um-09.40.58.png\",\"width\":512,\"height\":512,\"caption\":\"\u00d6sterreichisch Astrologische Gesellschaft\"},\"image\":{\"@id\":\"https:\\\/\\\/www.oeag-astrologie.at\\\/astro\\\/#\\\/schema\\\/logo\\\/image\\\/\"}},{\"@type\":\"Person\",\"@id\":\"https:\\\/\\\/www.oeag-astrologie.at\\\/astro\\\/#\\\/schema\\\/person\\\/d2ba3b384e2a21a32c88e09e83fe266b\",\"name\":\"Brigitta Strobele\",\"image\":{\"@type\":\"ImageObject\",\"inLanguage\":\"de\",\"@id\":\"https:\\\/\\\/secure.gravatar.com\\\/avatar\\\/76c19b2cb5390f7bda5cdec781c7e38b94a1e7747fc1ce7ef7d180a3536bc540?s=96&d=mm&r=g\",\"url\":\"https:\\\/\\\/secure.gravatar.com\\\/avatar\\\/76c19b2cb5390f7bda5cdec781c7e38b94a1e7747fc1ce7ef7d180a3536bc540?s=96&d=mm&r=g\",\"contentUrl\":\"https:\\\/\\\/secure.gravatar.com\\\/avatar\\\/76c19b2cb5390f7bda5cdec781c7e38b94a1e7747fc1ce7ef7d180a3536bc540?s=96&d=mm&r=g\",\"caption\":\"Brigitta Strobele\"},\"url\":\"https:\\\/\\\/www.oeag-astrologie.at\\\/astro\\\/author\\\/strobele\"}]}<\/script>\n<!-- \/ Yoast SEO plugin. -->","yoast_head_json":{"title":"Wien \u2013 die Welt \u2013 und Wir - \u00d6sterreichische Astrologische Gesellschaft","robots":{"index":"index","follow":"follow","max-snippet":"max-snippet:-1","max-image-preview":"max-image-preview:large","max-video-preview":"max-video-preview:-1"},"canonical":"https:\/\/www.oeag-astrologie.at\/astro\/wien-die-welt-und-wir","og_locale":"de_DE","og_type":"article","og_title":"Wien \u2013 die Welt \u2013 und Wir - \u00d6sterreichische Astrologische Gesellschaft","og_description":"Die Welt im Umbruch! Die laufenden Konstellationen, die Mondfinsternis (mit dem Mond in Erdn\u00e4he), und die kommende Sonnenfinsternis zeigen gro\u00dfe Ver\u00e4nderungen an, die die ganze Welt betreffen werden. Das bedingt &hellip; Wien \u2013 die Welt \u2013 und Wir weiterlesen &rarr;","og_url":"https:\/\/www.oeag-astrologie.at\/astro\/wien-die-welt-und-wir","og_site_name":"\u00d6sterreichische Astrologische Gesellschaft","article_published_time":"2025-09-09T07:47:52+00:00","article_modified_time":"2025-09-11T04:00:52+00:00","author":"Brigitta Strobele","twitter_card":"summary_large_image","twitter_misc":{"Verfasst von":"Brigitta Strobele","Gesch\u00e4tzte Lesezeit":"2\u00a0Minuten"},"schema":{"@context":"https:\/\/schema.org","@graph":[{"@type":"Article","@id":"https:\/\/www.oeag-astrologie.at\/astro\/wien-die-welt-und-wir#article","isPartOf":{"@id":"https:\/\/www.oeag-astrologie.at\/astro\/wien-die-welt-und-wir"},"author":{"name":"Brigitta Strobele","@id":"https:\/\/www.oeag-astrologie.at\/astro\/#\/schema\/person\/d2ba3b384e2a21a32c88e09e83fe266b"},"headline":"Wien \u2013 die Welt \u2013 und Wir","datePublished":"2025-09-09T07:47:52+00:00","dateModified":"2025-09-11T04:00:52+00:00","mainEntityOfPage":{"@id":"https:\/\/www.oeag-astrologie.at\/astro\/wien-die-welt-und-wir"},"wordCount":230,"publisher":{"@id":"https:\/\/www.oeag-astrologie.at\/astro\/#organization"},"inLanguage":"de"},{"@type":"WebPage","@id":"https:\/\/www.oeag-astrologie.at\/astro\/wien-die-welt-und-wir","url":"https:\/\/www.oeag-astrologie.at\/astro\/wien-die-welt-und-wir","name":"Wien \u2013 die Welt \u2013 und Wir - \u00d6sterreichische Astrologische Gesellschaft","isPartOf":{"@id":"https:\/\/www.oeag-astrologie.at\/astro\/#website"},"datePublished":"2025-09-09T07:47:52+00:00","dateModified":"2025-09-11T04:00:52+00:00","breadcrumb":{"@id":"https:\/\/www.oeag-astrologie.at\/astro\/wien-die-welt-und-wir#breadcrumb"},"inLanguage":"de","potentialAction":[{"@type":"ReadAction","target":["https:\/\/www.oeag-astrologie.at\/astro\/wien-die-welt-und-wir"]}]},{"@type":"BreadcrumbList","@id":"https:\/\/www.oeag-astrologie.at\/astro\/wien-die-welt-und-wir#breadcrumb","itemListElement":[{"@type":"ListItem","position":1,"name":"Home","item":"https:\/\/www.oeag-astrologie.at\/astro"},{"@type":"ListItem","position":2,"name":"Wien \u2013 die Welt \u2013 und Wir"}]},{"@type":"WebSite","@id":"https:\/\/www.oeag-astrologie.at\/astro\/#website","url":"https:\/\/www.oeag-astrologie.at\/astro\/","name":"\u00d6sterreichische Astrologische Gesellschaft","description":"","publisher":{"@id":"https:\/\/www.oeag-astrologie.at\/astro\/#organization"},"potentialAction":[{"@type":"SearchAction","target":{"@type":"EntryPoint","urlTemplate":"https:\/\/www.oeag-astrologie.at\/astro\/?s={search_term_string}"},"query-input":{"@type":"PropertyValueSpecification","valueRequired":true,"valueName":"search_term_string"}}],"inLanguage":"de"},{"@type":"Organization","@id":"https:\/\/www.oeag-astrologie.at\/astro\/#organization","name":"\u00d6sterreichisch Astrologische Gesellschaft","url":"https:\/\/www.oeag-astrologie.at\/astro\/","logo":{"@type":"ImageObject","inLanguage":"de","@id":"https:\/\/www.oeag-astrologie.at\/astro\/#\/schema\/logo\/image\/","url":"https:\/\/www.oeag-astrologie.at\/astro\/wp-content\/uploads\/2015\/10\/Bildschirmfoto-2015-10-22-um-09.40.58.png","contentUrl":"https:\/\/www.oeag-astrologie.at\/astro\/wp-content\/uploads\/2015\/10\/Bildschirmfoto-2015-10-22-um-09.40.58.png","width":512,"height":512,"caption":"\u00d6sterreichisch Astrologische Gesellschaft"},"image":{"@id":"https:\/\/www.oeag-astrologie.at\/astro\/#\/schema\/logo\/image\/"}},{"@type":"Person","@id":"https:\/\/www.oeag-astrologie.at\/astro\/#\/schema\/person\/d2ba3b384e2a21a32c88e09e83fe266b","name":"Brigitta Strobele","image":{"@type":"ImageObject","inLanguage":"de","@id":"https:\/\/secure.gravatar.com\/avatar\/76c19b2cb5390f7bda5cdec781c7e38b94a1e7747fc1ce7ef7d180a3536bc540?s=96&d=mm&r=g","url":"https:\/\/secure.gravatar.com\/avatar\/76c19b2cb5390f7bda5cdec781c7e38b94a1e7747fc1ce7ef7d180a3536bc540?s=96&d=mm&r=g","contentUrl":"https:\/\/secure.gravatar.com\/avatar\/76c19b2cb5390f7bda5cdec781c7e38b94a1e7747fc1ce7ef7d180a3536bc540?s=96&d=mm&r=g","caption":"Brigitta Strobele"},"url":"https:\/\/www.oeag-astrologie.at\/astro\/author\/strobele"}]}},"_links":{"self":[{"href":"https:\/\/www.oeag-astrologie.at\/astro\/wp-json\/wp\/v2\/posts\/1062","targetHints":{"allow":["GET"]}}],"collection":[{"href":"https:\/\/www.oeag-astrologie.at\/astro\/wp-json\/wp\/v2\/posts"}],"about":[{"href":"https:\/\/www.oeag-astrologie.at\/astro\/wp-json\/wp\/v2\/types\/post"}],"author":[{"embeddable":true,"href":"https:\/\/www.oeag-astrologie.at\/astro\/wp-json\/wp\/v2\/users\/2"}],"replies":[{"embeddable":true,"href":"https:\/\/www.oeag-astrologie.at\/astro\/wp-json\/wp\/v2\/comments?post=1062"}],"version-history":[{"count":6,"href":"https:\/\/www.oeag-astrologie.at\/astro\/wp-json\/wp\/v2\/posts\/1062\/revisions"}],"predecessor-version":[{"id":1085,"href":"https:\/\/www.oeag-astrologie.at\/astro\/wp-json\/wp\/v2\/posts\/1062\/revisions\/1085"}],"wp:attachment":[{"href":"https:\/\/www.oeag-astrologie.at\/astro\/wp-json\/wp\/v2\/media?parent=1062"}],"wp:term":[{"taxonomy":"category","embeddable":true,"href":"https:\/\/www.oeag-astrologie.at\/astro\/wp-json\/wp\/v2\/categories?post=1062"},{"taxonomy":"post_tag","embeddable":true,"href":"https:\/\/www.oeag-astrologie.at\/astro\/wp-json\/wp\/v2\/tags?post=1062"}],"curies":[{"name":"wp","href":"https:\/\/api.w.org\/{rel}","templated":true}]}}